{"id":2798,"date":"2024-05-13T16:00:31","date_gmt":"2024-05-13T19:00:31","guid":{"rendered":"https:\/\/colegioecursocpm.com.br\/site_novo\/?p=2798"},"modified":"2024-06-09T19:07:41","modified_gmt":"2024-06-09T22:07:41","slug":"lista-provisoria-de-inscritos-no-concurso-da-afa-2025-e-divulgada","status":"publish","type":"post","link":"https:\/\/colegioecursocpm.com.br\/index.php\/2024\/05\/13\/lista-provisoria-de-inscritos-no-concurso-da-afa-2025-e-divulgada\/","title":{"rendered":"Lista provis\u00f3ria de inscritos no Concurso da AFA 2025 \u00e9 divulgada"},"content":{"rendered":"<p>A For\u00e7a A\u00e9rea Brasileira (AFA)\u00a0<strong>divulgou a lista de candidatos que se inscreveram no Concurso AFA 2025<\/strong>. A rela\u00e7\u00e3o foi publicada nesta quinta, dia 9 de maio, na p\u00e1gina oficial do seletivo. As inscri\u00e7\u00f5es foram encerradas no dia 22 de abril.<\/p>\n<p>Segundo a lista,\u00a0<strong>12.396 pessoas se inscreveram no seletivo.\u00a0<\/strong>Por\u00e9m, apenas\u00a0<strong>9.437 inscri\u00e7\u00f5es foram deferidas<\/strong>\u00a0na lista provis\u00f3ria.<\/p>\n<p>A Prova Escrita do seletivo est\u00e1 prevista para acontecer entre no dia 7 de julho. Fique atento ao calend\u00e1rio de eventos do Concurso AFA 2025:<\/p>\n<p><img loading=\"lazy\" decoding=\"async\" class=\"aligncenter size-full wp-image-2799\" src=\"https:\/\/colegioecursocpm.com.br\/site_novo\/wp-content\/uploads\/2024\/05\/afa-2025-vagas-resultado.jpg\" alt=\"afa-2025-vagas-resultado\" width=\"648\" height=\"353\" srcset=\"https:\/\/colegioecursocpm.com.br\/site_novo\/wp-content\/uploads\/2024\/05\/afa-2025-vagas-resultado.jpg 648w, https:\/\/colegioecursocpm.com.br\/site_novo\/wp-content\/uploads\/2024\/05\/afa-2025-vagas-resultado-300x163.jpg 300w\" sizes=\"auto, (max-width: 648px) 100vw, 648px\" \/><\/p>\n<p>&nbsp;<\/p>\n","protected":false},"excerpt":{"rendered":"<p>A For\u00e7a A\u00e9rea Brasileira (AFA)\u00a0divulgou a lista de candidatos que se inscreveram no Concurso AFA 2025. A rela\u00e7\u00e3o foi publicada nesta quinta, dia 9 de maio, na p\u00e1gina oficial do seletivo. As inscri\u00e7\u00f5es foram encerradas no dia 22 de abril. Segundo a lista,\u00a012.396 pessoas se inscreveram no seletivo.\u00a0Por\u00e9m, apenas\u00a09.437 inscri\u00e7\u00f5es foram deferidas\u00a0na lista provis\u00f3ria. A Prova Escrita do seletivo est\u00e1 prevista para acontecer entre no dia 7 de julho. Fique atento ao calend\u00e1rio de eventos do Concurso AFA 2025: &nbsp;<\/p>\n","protected":false},"author":1,"featured_media":2464,"comment_status":"closed","ping_status":"closed","sticky":false,"template":"","format":"standard","meta":{"footnotes":""},"categories":[2,92,8],"tags":[],"class_list":["post-2798","post","type-post","status-publish","format-standard","has-post-thumbnail","hentry","category-afa","category-fique-por-dentro","category-noticias"],"_links":{"self":[{"href":"https:\/\/colegioecursocpm.com.br\/index.php\/wp-json\/wp\/v2\/posts\/2798","targetHints":{"allow":["GET"]}}],"collection":[{"href":"https:\/\/colegioecursocpm.com.br\/index.php\/wp-json\/wp\/v2\/posts"}],"about":[{"href":"https:\/\/colegioecursocpm.com.br\/index.php\/wp-json\/wp\/v2\/types\/post"}],"author":[{"embeddable":true,"href":"https:\/\/colegioecursocpm.com.br\/index.php\/wp-json\/wp\/v2\/users\/1"}],"replies":[{"embeddable":true,"href":"https:\/\/colegioecursocpm.com.br\/index.php\/wp-json\/wp\/v2\/comments?post=2798"}],"version-history":[{"count":1,"href":"https:\/\/colegioecursocpm.com.br\/index.php\/wp-json\/wp\/v2\/posts\/2798\/revisions"}],"predecessor-version":[{"id":2800,"href":"https:\/\/colegioecursocpm.com.br\/index.php\/wp-json\/wp\/v2\/posts\/2798\/revisions\/2800"}],"wp:featuredmedia":[{"embeddable":true,"href":"https:\/\/colegioecursocpm.com.br\/index.php\/wp-json\/wp\/v2\/media\/2464"}],"wp:attachment":[{"href":"https:\/\/colegioecursocpm.com.br\/index.php\/wp-json\/wp\/v2\/media?parent=2798"}],"wp:term":[{"taxonomy":"category","embeddable":true,"href":"https:\/\/colegioecursocpm.com.br\/index.php\/wp-json\/wp\/v2\/categories?post=2798"},{"taxonomy":"post_tag","embeddable":true,"href":"https:\/\/colegioecursocpm.com.br\/index.php\/wp-json\/wp\/v2\/tags?post=2798"}],"curies":[{"name":"wp","href":"https:\/\/api.w.org\/{rel}","templated":true}]}}