{"id":2804,"date":"2024-05-13T16:06:39","date_gmt":"2024-05-13T19:06:39","guid":{"rendered":"https:\/\/colegioecursocpm.com.br\/site_novo\/?p=2804"},"modified":"2024-08-15T14:12:39","modified_gmt":"2024-08-15T17:12:39","slug":"o-que-caira-no-concurso-eear-2025-1","status":"publish","type":"post","link":"https:\/\/colegioecursocpm.com.br\/index.php\/2024\/05\/13\/o-que-caira-no-concurso-eear-2025-1\/","title":{"rendered":"O que cair\u00e1 no Concurso EEAR 2025.1?"},"content":{"rendered":"<p>Voc\u00ea ir\u00e1 prestar o concurso da EEAR 2025.1? O Col\u00e9gio e Curso CPM traz para voc\u00ea o conte\u00fado program\u00e1tico da prova. Vamos conferir?<\/p>\n<p>&nbsp;<\/p>\n<h1>L\u00cdNGUA PORTUGUESA<\/h1>\n<p>-Texto<br \/>\nInterpreta\u00e7\u00e3o de textos liter\u00e1rios ou n\u00e3o liter\u00e1rios.<\/p>\n<h2>-Gram\u00e1tica<\/h2>\n<ul>\n<li><strong>Fon\u00e9tica:<\/strong>\u00a0s\u00edlaba; separa\u00e7\u00e3o sil\u00e1bica; encontros voc\u00e1licos; encontros consonantais; tonicidade; acentua\u00e7\u00e3o gr\u00e1fica; ortografia. Morfologia: processos de forma\u00e7\u00e3o de palavras;<\/li>\n<li><strong>Classes de palavras:<\/strong>\u00a0substantivo (classifica\u00e7\u00e3o e flex\u00e3o); adjetivo (classifica\u00e7\u00e3o, flex\u00e3o e locu\u00e7\u00e3o adjetiva); adv\u00e9rbio (classifica\u00e7\u00e3o e locu\u00e7\u00e3o adverbial); conjun\u00e7\u00f5es (coordenativas e subordinativas);<\/li>\n<\/ul>\n<ul>\n<li><strong>Verbo:<\/strong>\u00a0flex\u00e3o verbal (n\u00famero, pessoa, modo, tempo, voz), classifica\u00e7\u00e3o (regulares, irregulares, defectivos, abundantes, auxiliares e principais) e conjuga\u00e7\u00e3o dos tempos simples e compostos; pronome (classifica\u00e7\u00e3o e emprego);<\/li>\n<li><strong>Pontua\u00e7\u00e3o;<\/strong><\/li>\n<li><strong>Sintaxe:<\/strong>\u00a0Per\u00edodos Simples e Composto (termos essenciais, integrantes e acess\u00f3rios; coordena\u00e7\u00e3o e subordina\u00e7\u00e3o; ora\u00e7\u00f5es reduzidas); Concord\u00e2ncias verbal e nominal; Reg\u00eancias verbal e nominal; Crase e Coloca\u00e7\u00e3o Pronominal. Tipos de discurso; e<\/li>\n<li><strong>Estil\u00edstica:<\/strong>\u00a0Figuras de linguagem (met\u00e1fora, meton\u00edmia, hip\u00e9rbole, prosopop\u00e9ia, eufemismo e ant\u00edtese).<\/li>\n<\/ul>\n<h2>Bibliografia<\/h2>\n<ul>\n<li>CEGALLA, Domingos Paschoal. Nov\u00edssima Gram\u00e1tica da L\u00edngua Portuguesa. 49. ed. S\u00e3o Paulo: Companhia Editora Nacional, 2020.<\/li>\n<li>CUNHA, Celso. CINTRA, Lindley. Nova Gram\u00e1tica do Portugu\u00eas Contempor\u00e2neo. 7. ed. Rio de Janeiro: Lexikon, 2021.<\/li>\n<li>FERREIRA, Aur\u00e9lio Buarque de Holanda. Novo dicion\u00e1rio da L\u00edngua Portuguesa. 3. ed. Curitiba: Editora Positivo, 1999.<\/li>\n<li>FIORIN, Jos\u00e9 Luiz; SAVIOLI, Francisco Plat\u00e3o. Para Entender o Texto. 15. ed. S\u00e3o Paulo: \u00c1tica, 1999.<\/li>\n<li>HOUAISS, Ant\u00f4nio; VILLAR, Mauro de Salles. FRANCO, Francisco Manoel. Dicion\u00e1rio Houaiss da L\u00edngua Portuguesa. 1. ed. Rio de Janeiro: Objetiva, 2009.<\/li>\n<li>LUFT, Celso Pedro. Dicion\u00e1rio pr\u00e1tico de reg\u00eancia nominal. 5. ed. S\u00e3o Paulo: \u00c1tica, 2010.<\/li>\n<li>LUFT, Celso Pedro. Dicion\u00e1rio pr\u00e1tico de reg\u00eancia verbal. 9. ed. S\u00e3o Paulo: \u00c1tica, 2010.<\/li>\n<\/ul>\n<h1>L\u00cdNGUA INGLESA \u2013 N\u00edvel intermedi\u00e1rio<\/h1>\n<h1>Essa op\u00e7\u00e3o \u00e9 para quem ir\u00e1 realizar a prova de Controle de Tr\u00e1fego A\u00e9reo-BCT. Importante ressaltar que o n\u00edvel \u00e9 intermedi\u00e1rio, ou seja, mais avan\u00e7ado!<\/h1>\n<h2>Gram\u00e1tica<\/h2>\n<ul>\n<li><strong>Artigos:\u00a0<\/strong>definido e indefinido;<\/li>\n<li><strong>Substantivos:<\/strong>\u00a0g\u00eanero, singular e plural, composto, cont\u00e1vel e incont\u00e1vel e forma possessiva;<\/li>\n<li><strong>Adjetivos:<\/strong>\u00a0posi\u00e7\u00e3o, forma\u00e7\u00e3o pelo ger\u00fandio e pelo partic\u00edpio e grau de compara\u00e7\u00e3o;<\/li>\n<li><strong>Pronomes:<\/strong>\u00a0pessoal do caso reto e do obl\u00edquo, indefinidos (pronomes substantivos e adjetivos), relativos, demonstrativos (pronomes substantivos e adjetivos), possessivos (pronomes substantivos e adjetivos), reflexivos e relativos;<\/li>\n<li><strong>Pronomes e adv\u00e9rbios interrogativos<\/strong>;<\/li>\n<li><strong>Determinantes<\/strong>\u00a0(Determiners: all, most, no, none, either, neither, both, etc.);<\/li>\n<li><strong>Quantificadores\u00a0<\/strong>(Quantifiers: a lot, a few, a little, etc.);<\/li>\n<li><strong>Adv\u00e9rbios:\u00a0<\/strong>forma\u00e7\u00e3o, tipos e uso; Numerais; Preposi\u00e7\u00f5es; Conjun\u00e7\u00f5es;<\/li>\n<li><strong>Verbos:<\/strong>\u00a0regulares, irregulares e auxiliares;<\/li>\n<li><strong>Tempos verbais:<\/strong>\u00a0Simple present, Present progressive, Simple past, Past progressive, Future e Perfect tenses; Modal verbs; Infinitivo e ger\u00fandio; Modos imperativo e subjuntivo;<\/li>\n<li><strong>Vozes do verbo:<\/strong>\u00a0ativa, passiva e reflexiva; Phrasal verbs; Forma verbal enf\u00e1tica; Question tags e tag answers; Discurso direto e indireto; e<\/li>\n<li><strong>Estrutura da ora\u00e7\u00e3o:<\/strong>\u00a0per\u00edodo composto (condicionais, relativas, apositivas, etc.);<\/li>\n<li><strong>Prefixos e sufixos<\/strong>; e<\/li>\n<li><strong>Marcadores do discurso<\/strong>\u00a0(By the way, on the other hand, in addition, in my opinion, etc.).<\/li>\n<\/ul>\n<h2>Compreens\u00e3o de textos<br \/>\nTextos de assuntos t\u00e9cnicos e gerais.<\/h2>\n<h2>Bibliografia<\/h2>\n<ul>\n<li>BONNER, Margaret; FUCHS, Marjorie. Grammar Express Intermediate \u2013 For Self-Study and Classroom Use. 2. ed. New York: Longman, 2001.<\/li>\n<li>Dicion\u00e1rio Oxford Escolar para estudantes brasileiros de ingl\u00eas. 3. ed. Editora Oxford University Press, 2018.<\/li>\n<li>Dictionary of Contemporary English. 6. ed. Inglaterra: Pearson, 2014.<\/li>\n<li>MURPHY, Raymond. English Grammar in Use. 5. ed. Inglaterra: Cambridge University Press, 2019.<\/li>\n<li>Oxford Advanced Learner\u2019s Dictionary. 8. ed. Oxford University Press, 2010.<\/li>\n<\/ul>\n<h1>L\u00cdNGUA INGLESA \u2013 N\u00edvel B\u00e1sico<\/h1>\n<p>Os candidatos que far\u00e3o o teste de ingl\u00eas em n\u00edvel b\u00e1sico s\u00e3o os da demais especialidades.<\/p>\n<h2>Gram\u00e1tica<\/h2>\n<ul>\n<li><strong>Substantivos:<\/strong>\u00a0g\u00eanero, singular e plural, composto, cont\u00e1vel e incont\u00e1vel e forma possessiva;<\/li>\n<li><strong>Adjetivos:<\/strong>\u00a0posi\u00e7\u00e3o, grau de compara\u00e7\u00e3o, sin\u00f4nimos e ant\u00f4nimos;<\/li>\n<li><strong>Pronomes:<\/strong>\u00a0pessoal do caso reto e do obl\u00edquo, indefinidos (pronomes substantivos e adjetivos), relativos, demonstrativos (pronomes substantivos e adjetivos), possessivos (pronomes substantivos e adjetivos), reflexivos e relativos;<\/li>\n<li><strong>Pronomes e adv\u00e9rbios interrogativos<\/strong>;<\/li>\n<li><strong>Adv\u00e9rbios:<\/strong>\u00a0forma\u00e7\u00e3o, tipos e uso;<\/li>\n<li><strong>Preposi\u00e7\u00f5es<\/strong>;<\/li>\n<li><strong>Conjun\u00e7\u00f5es<\/strong>;<\/li>\n<li><strong>Verbos:<\/strong>\u00a0regulares, irregulares e auxiliares;<\/li>\n<li><strong>Tempos verbais:\u00a0<\/strong>Simple present, Present progressive, Simple past, Past progressive, Present perfect e Future; Modal verbs; Infinitivo e ger\u00fandio; Modos imperativo e subjuntivo;<\/li>\n<li><strong>Ora\u00e7\u00f5es condicionais<\/strong>;<\/li>\n<li><strong>Voz Passiva e Phrasal Verbs<\/strong>;<\/li>\n<li><strong>Question Tags<\/strong>;<\/li>\n<li><strong>Quantificadores<\/strong>;<\/li>\n<li><strong>Prefixos e Sufixos<\/strong>; e<\/li>\n<li><strong>Artigos definidos e indefinidos<\/strong>.<\/li>\n<\/ul>\n<h2>Compreens\u00e3o de textos<\/h2>\n<p>Textos de assuntos t\u00e9cnicos e gerais.<\/p>\n<h2>Bibliografia<\/h2>\n<ul>\n<li>COLLINS, Collins. Dicion\u00e1rio Escolar Ingl\u00eas-Portugu\u00eas \/ Portugu\u00eas-Ingl\u00eas. 6. ed. S\u00e3o Paulo: Editora Disal, 2013.<\/li>\n<li>Dictionary of Contemporary English. 6 ed. Inglaterra: Pearson, 2014.<\/li>\n<li>MURPHY, Raymond. Essential Grammar in Use. 3 ed. Inglaterra: Cambridge University Press, 2007.<\/li>\n<li>Oxford Pratice Grammar. New York: Oxford University Press, 2010.<\/li>\n<\/ul>\n<h1>MATEM\u00c1TICA<\/h1>\n<h2>\u00c1lgebra I<\/h2>\n<ul>\n<li><strong>Fun\u00e7\u00f5es:<\/strong>\u00a0defini\u00e7\u00e3o de fun\u00e7\u00e3o; fun\u00e7\u00f5es definidas por f\u00f3rmulas; dom\u00ednio, imagem e contradom\u00ednio; gr\u00e1ficos; fun\u00e7\u00f5es injetora, sobrejetora, bijetora, crescente, decrescente, composta, inversa, polinomial do 1\u00ba grau, quadr\u00e1tica, modular, exponencial e logar\u00edtmica;<\/li>\n<li><strong>Resolu\u00e7\u00e3o de equa\u00e7\u00f5es, inequa\u00e7\u00f5es e sistemas<\/strong>;<\/li>\n<li><strong>Sequ\u00eancias, progress\u00f5es aritm\u00e9tica e geom\u00e9trica<\/strong>.<\/li>\n<\/ul>\n<h2>Geometria plana<\/h2>\n<ul>\n<li><strong>\u00c2ngulos<\/strong>.<\/li>\n<li><strong>Pol\u00edgonos:<\/strong>\u00a0defini\u00e7\u00f5es; elementos; nomenclatura; propriedades; pol\u00edgonos regulares; per\u00edmetros e \u00e1reas.<\/li>\n<li><strong>Tri\u00e2ngulos:<\/strong>\u00a0condi\u00e7\u00f5es de exist\u00eancia; elementos; classifica\u00e7\u00e3o; propriedades; congru\u00eancia; mediana, bissetriz, altura e pontos not\u00e1veis; semelhan\u00e7a; rela\u00e7\u00f5es m\u00e9tricas e \u00e1reas.<\/li>\n<li><strong>Quadril\u00e1teros not\u00e1veis:<\/strong>\u00a0defini\u00e7\u00f5es; propriedades; base m\u00e9dia e \u00e1reas.<\/li>\n<li><strong>Circunfer\u00eancia:<\/strong>\u00a0defini\u00e7\u00f5es; elementos; posi\u00e7\u00f5es relativas de reta e circunfer\u00eancia; segmentos tangentes; pot\u00eancia de ponto; \u00e2ngulos na circunfer\u00eancia e comprimento da circunfer\u00eancia.<\/li>\n<li><strong>C\u00edrculo e suas partes:<\/strong>\u00a0conceitos e \u00e1reas.<\/li>\n<\/ul>\n<h2>Trigonometria<\/h2>\n<ul>\n<li>Raz\u00f5es trigonom\u00e9tricas no tri\u00e2ngulo ret\u00e2ngulo;<\/li>\n<li>Arcos e \u00e2ngulos em graus e radianos;<\/li>\n<li>Rela\u00e7\u00f5es de convers\u00e3o;<\/li>\n<li>Ciclo trigonom\u00e9trico;<\/li>\n<li>Arcos c\u00f4ngruos e sim\u00e9tricos;<\/li>\n<li>Fun\u00e7\u00f5es trigonom\u00e9tricas;<\/li>\n<li>Rela\u00e7\u00f5es e identidades trigonom\u00e9tricas;<\/li>\n<li>F\u00f3rmulas de adi\u00e7\u00e3o, subtra\u00e7\u00e3o, duplica\u00e7\u00e3o e bissec\u00e7\u00e3o de arcos;<\/li>\n<li>Equa\u00e7\u00f5es e inequa\u00e7\u00f5es trigonom\u00e9tricas; e<\/li>\n<li>Leis dos senos e dos cossenos.<\/li>\n<\/ul>\n<h2>\u00c1lgebra II<\/h2>\n<ul>\n<li><strong>Matrizes:<\/strong>\u00a0conceitos, igualdade e opera\u00e7\u00f5es.<\/li>\n<li>Determinantes.<\/li>\n<li>Sistemas lineares.<\/li>\n<li><strong>An\u00e1lise combinat\u00f3ria:\u00a0<\/strong>princ\u00edpio fundamental da contagem; arranjos, combina\u00e7\u00f5es e permuta\u00e7\u00f5es simples; probabilidades.<\/li>\n<\/ul>\n<h2>Estat\u00edstica<\/h2>\n<ul>\n<li>Conceitos;<\/li>\n<li>Popula\u00e7\u00e3o;<\/li>\n<li>Amostra;<\/li>\n<li>Vari\u00e1vel;<\/li>\n<li>Tabelas;<\/li>\n<li>Gr\u00e1ficos;<\/li>\n<li>Distribui\u00e7\u00e3o de frequ\u00eancia;<\/li>\n<li>Tipos de frequ\u00eancias;<\/li>\n<li>Histograma;<\/li>\n<li>Pol\u00edgono de frequ\u00eancia; e<\/li>\n<li><strong>Medidas de tend\u00eancia central:<\/strong>\u00a0moda, m\u00e9dia e mediana.<\/li>\n<\/ul>\n<h2>Geometria espacial<\/h2>\n<ul>\n<li><strong>Poliedro:<\/strong>\u00a0conceitos e propriedades;<\/li>\n<li><strong>Prisma:\u00a0<\/strong>conceitos, propriedades, diagonais, \u00e1reas e volumes; e<\/li>\n<li>Pir\u00e2mide, cilindro, cone e esfera: conceitos, \u00e1reas e volumes.<\/li>\n<\/ul>\n<h2>Geometria anal\u00edtica<\/h2>\n<ul>\n<li>Estudo Anal\u00edtico:\n<ul>\n<li><strong>do Ponto<\/strong>\u00a0(ponto m\u00e9dio, c\u00e1lculo do baricentro, dist\u00e2ncia entre dois pontos, \u00e1rea do tri\u00e2ngulo, condi\u00e7\u00e3o de alinhamento de tr\u00eas pontos);<\/li>\n<li><strong>da Reta<\/strong>\u00a0(equa\u00e7\u00e3o geral, equa\u00e7\u00e3o reduzida, equa\u00e7\u00e3o segment\u00e1ria, posi\u00e7\u00e3o entre duas retas, paralelismo e perpendicularismo de retas, \u00e2ngulo entre duas retas, dist\u00e2ncia de um ponto a uma reta); e<\/li>\n<li><strong>da Circunfer\u00eancia<\/strong>\u00a0(equa\u00e7\u00f5es, posi\u00e7\u00f5es relativas entre ponto e circunfer\u00eancia, entre reta e circunfer\u00eancia, e entre duas circunfer\u00eancias).<\/li>\n<\/ul>\n<\/li>\n<\/ul>\n<h2>\u00c1lgebra III<\/h2>\n<ul>\n<li><strong>N\u00fameros Complexos:<\/strong>\u00a0conceitos; conjugado; igualdade; opera\u00e7\u00f5es; pot\u00eancias de i; representa\u00e7\u00e3o no plano de Argand-Gauss; m\u00f3dulo; argumento; forma trigonom\u00e9trica e opera\u00e7\u00f5es na forma trigonom\u00e9trica.<\/li>\n<li><strong>Polin\u00f4mios:<\/strong>\u00a0conceito; grau; valor num\u00e9rico; polin\u00f4mio nulo; identidade e opera\u00e7\u00f5es; e<\/li>\n<li><strong>Equa\u00e7\u00f5es Polinomiais:\u00a0<\/strong>conceitos; teorema fundamental da \u00c1lgebra; teorema da decomposi\u00e7\u00e3o; multiplicidade de uma raiz; ra\u00edzes complexas e rela\u00e7\u00f5es de Girard.<\/li>\n<\/ul>\n<h2>Bibliografia<\/h2>\n<ul>\n<li>DOLCE, Osvaldo; POMPEO, Jos\u00e9 Nicolau. Fundamentos de matem\u00e1tica elementar: Geometria plana. 9. ed. S\u00e3o Paulo: Atual, 2013.<\/li>\n<li>FACCHINI, Walter. Matem\u00e1tica para a escola de hoje. Volume \u00fanico. S\u00e3o Paulo: FTD, 2006.<\/li>\n<\/ul>\n<h1>F\u00cdSICA<\/h1>\n<h2>Conceitos b\u00e1sicos e fundamentais<\/h2>\n<ul>\n<li>No\u00e7\u00f5es de ordem de grandeza;<\/li>\n<li>Nota\u00e7\u00e3o cient\u00edfica;<\/li>\n<li><strong>Observa\u00e7\u00f5es e mensura\u00e7\u00f5es:\u00a0<\/strong>representa\u00e7\u00e3o de grandezas f\u00edsicas como grandezas mensur\u00e1veis, sistemas de unidades;<\/li>\n<li>Gr\u00e1ficos e vetores;<\/li>\n<li>Conceitua\u00e7\u00e3o de grandezas vetoriais e escalares;<\/li>\n<li>Opera\u00e7\u00f5es b\u00e1sicas com vetores; e<\/li>\n<li>Composi\u00e7\u00e3o e decomposi\u00e7\u00e3o de vetores.<\/li>\n<\/ul>\n<h2>Movimento, equil\u00edbrio e descoberta das Leis F\u00edsicas<\/h2>\n<ul>\n<li><strong>Grandezas fundamentais da mec\u00e2nica:<\/strong>\u00a0tempo, espa\u00e7o, velocidade e acelera\u00e7\u00e3o;<\/li>\n<li><strong>Descri\u00e7\u00f5es do movimento e sua interpreta\u00e7\u00e3o:<\/strong>\u00a0quantifica\u00e7\u00e3o do movimento e sua descri\u00e7\u00e3o matem\u00e1tica e gr\u00e1fica;<\/li>\n<li>Casos especiais de movimentos e suas regularidades observ\u00e1veis;<\/li>\n<li><strong>Movimento Retil\u00edneo Uniforme (M.R.U.):\u00a0<\/strong>conceitua\u00e7\u00e3o, equa\u00e7\u00e3o hor\u00e1ria e gr\u00e1ficos;<\/li>\n<li><strong>Movimento Retil\u00edneo Uniformemente Variado (M.R.U.V.):\u00a0<\/strong>conceito, equa\u00e7\u00f5es hor\u00e1rias e de Torricelli e gr\u00e1ficos; acelera\u00e7\u00e3o da gravidade, queda livre e lan\u00e7amento de proj\u00e9teis;<\/li>\n<li><strong>Movimento Circular Uniforme (M.C.U.):<\/strong>\u00a0conceito de in\u00e9rcia, sistemas de refer\u00eancia inerciais e n\u00e3o inerciais;<\/li>\n<li>Massa e quantidade de movimento (momento linear);<\/li>\n<li>For\u00e7a e varia\u00e7\u00e3o da quantidade de movimento;<\/li>\n<li>Leis de Newton;<\/li>\n<li>Lei de Hooke;<\/li>\n<li>Centro de massa, centro de gravidade e a ideia de ponto material;<\/li>\n<li>Conceito de for\u00e7as externas e internas;<\/li>\n<li>Lei da conserva\u00e7\u00e3o da quantidade de movimento (momento linear), teorema do impulso e colis\u00f5es;<\/li>\n<li>Momento de uma for\u00e7a (torque);<\/li>\n<li>Condi\u00e7\u00f5es de equil\u00edbrio est\u00e1tico de ponto material e de corpos extensos;<\/li>\n<li>For\u00e7a de atrito, for\u00e7a peso, for\u00e7a normal de contato e tra\u00e7\u00e3o;<\/li>\n<li>Diagramas de for\u00e7as;<\/li>\n<li>For\u00e7as que atuam nos movimentos circulares;<\/li>\n<li>Press\u00e3o e densidade;<\/li>\n<li>Press\u00e3o atmosf\u00e9rica e experi\u00eancia de Torricelli;<\/li>\n<li><strong>Princ\u00edpios de Pascal, Arquimedes e Stevin:<\/strong>\u00a0condi\u00e7\u00f5es de flutua\u00e7\u00e3o, rela\u00e7\u00e3o entre diferen\u00e7a de n\u00edvel e press\u00e3o hidrost\u00e1tica; e<\/li>\n<li>Empuxo.<\/li>\n<\/ul>\n<h2>Energia, trabalho e pot\u00eancia<\/h2>\n<ul>\n<li>Trabalho, energia, pot\u00eancia e rendimento;<\/li>\n<li>Energia potencial e energia cin\u00e9tica;<\/li>\n<li>Conserva\u00e7\u00e3o de energia mec\u00e2nica e dissipa\u00e7\u00e3o de energia; e<\/li>\n<li>For\u00e7as conservativas e dissipativas.<\/li>\n<\/ul>\n<h2>Mec\u00e2nica e o funcionamento do universo<\/h2>\n<ul>\n<li>For\u00e7a peso;<\/li>\n<li>Acelera\u00e7\u00e3o gravitacional;<\/li>\n<li>Lei da Gravita\u00e7\u00e3o universal;<\/li>\n<li>Leis de Kepler; e<\/li>\n<li>Movimentos de corpos celestes.<\/li>\n<\/ul>\n<h2>Fen\u00f4menos el\u00e9tricos e magn\u00e9ticos<\/h2>\n<ul>\n<li>Carga el\u00e9trica e corrente el\u00e9trica;<\/li>\n<li>Conceito e processos de eletriza\u00e7\u00e3o e princ\u00edpios da eletrost\u00e1tica;<\/li>\n<li>Lei de Coulomb;<\/li>\n<li>Campo, trabalho e potencial el\u00e9tricos;<\/li>\n<li>Linhas de campo;<\/li>\n<li>Superf\u00edcies equipotenciais e Lei de Gauss;<\/li>\n<li>Poder das pontas;<\/li>\n<li>Blindagem;<\/li>\n<li>Capacidade el\u00e9trica;<\/li>\n<li>Capacitores e associa\u00e7\u00f5es;<\/li>\n<li>Diferen\u00e7a de potencial e trabalho num campo el\u00e9trico;<\/li>\n<li><strong>Correntes cont\u00ednua e alternada:<\/strong>\u00a0conceito, efeitos e tipos, condutores e isolantes;<\/li>\n<li>Efeito Joule;<\/li>\n<li>Leis de Ohm, resistores e associa\u00e7\u00f5es e Ponte de Wheatstone;<\/li>\n<li>Resist\u00eancia el\u00e9trica e resistividade;<\/li>\n<li><strong>Rela\u00e7\u00f5es entre grandezas el\u00e9tricas:\u00a0<\/strong>tens\u00e3o, corrente, pot\u00eancia e energia;<\/li>\n<li>Circuitos el\u00e9tricos;<\/li>\n<li>Geradores e receptores, associa\u00e7\u00e3o de geradores;<\/li>\n<li>Medidores el\u00e9tricos;<\/li>\n<li><strong>Representa\u00e7\u00e3o gr\u00e1fica de circuitos:<\/strong>\u00a0s\u00edmbolos convencionais;<\/li>\n<li>Pot\u00eancia e consumo de energia em dispositivos el\u00e9tricos;<\/li>\n<li>\u00cdm\u00e3s permanentes;<\/li>\n<li>Linhas de campo magn\u00e9tico;<\/li>\n<li>For\u00e7a magn\u00e9tica;<\/li>\n<li>Campo magn\u00e9tico terrestre e b\u00fassola;<\/li>\n<li>Classifica\u00e7\u00e3o das subst\u00e2ncias magn\u00e9ticas;<\/li>\n<li>Campo magn\u00e9tico: conceito e aplica\u00e7\u00f5es;<\/li>\n<li>Campo magn\u00e9tico gerado por corrente el\u00e9trica em condutores retil\u00edneos e espirais;<\/li>\n<li>Lei de Biot-Savart;<\/li>\n<li>Lei de Amp\u00e8re;<\/li>\n<li>Eletro\u00edm\u00e3;<\/li>\n<li>For\u00e7a magn\u00e9tica sobre cargas el\u00e9tricas e condutores percorridos por corrente el\u00e9trica;<\/li>\n<li>Indu\u00e7\u00e3o eletromagn\u00e9tica;<\/li>\n<li>Lei de Faraday;<\/li>\n<li>Lei de Lenz; e<\/li>\n<li>Transformadores.<\/li>\n<\/ul>\n<h2>Oscila\u00e7\u00f5es, ondas e \u00f3ptica<\/h2>\n<ul>\n<li>Pulsos e ondas;<\/li>\n<li>Per\u00edodo, frequ\u00eancia e ciclo;<\/li>\n<li><strong>Ondas peri\u00f3dicas:\u00a0<\/strong>conceito, natureza e tipos;<\/li>\n<li>Propaga\u00e7\u00e3o: rela\u00e7\u00e3o entre velocidade, frequ\u00eancia e comprimento de onda;<\/li>\n<li>Ondas em diferentes meios de propaga\u00e7\u00e3o;<\/li>\n<li>Feixes e frentes de ondas;<\/li>\n<li>Fen\u00f4menos ondulat\u00f3rios;<\/li>\n<li>Reflex\u00e3o, refra\u00e7\u00e3o, difra\u00e7\u00e3o, polariza\u00e7\u00e3o e interfer\u00eancia, princ\u00edpio da superposi\u00e7\u00e3o, princ\u00edpio de Huygens;<\/li>\n<li>Movimento harm\u00f4nico simples (M.H.S.);<\/li>\n<li>Ondas sonoras, propriedades, propaga\u00e7\u00e3o e qualidades do som, tubos sonoros, efeito Doppler;<\/li>\n<li>Princ\u00edpios da \u00f3ptica geom\u00e9trica, tipos de fontes e meios de propaga\u00e7\u00e3o;<\/li>\n<li>Sombra e penumbra;<\/li>\n<li><strong>Reflex\u00e3o:\u00a0<\/strong>conceito, leis e espelhos planos e esf\u00e9ricos;<\/li>\n<li><strong>Refra\u00e7\u00e3o:\u00a0<\/strong>conceito, leis, l\u00e2minas, prismas e lentes;<\/li>\n<li>Forma\u00e7\u00e3o de imagens;<\/li>\n<li>Instrumentos \u00f3pticos simples; e<\/li>\n<li>Olho humano (principais defeitos da vis\u00e3o).<\/li>\n<\/ul>\n<h2>Calor e fen\u00f4menos t\u00e9rmicos<\/h2>\n<ul>\n<li>Calor e temperatura;<\/li>\n<li>Escalas termom\u00e9tricas;<\/li>\n<li>Transfer\u00eancia de calor e equil\u00edbrio t\u00e9rmico;<\/li>\n<li>Capacidade calor\u00edfica e calor espec\u00edfico;<\/li>\n<li>Condu\u00e7\u00e3o do calor;<\/li>\n<li>Dilata\u00e7\u00e3o t\u00e9rmica;<\/li>\n<li>Mudan\u00e7as de estado f\u00edsico e calor latente de transforma\u00e7\u00e3o;<\/li>\n<li>Comportamento de gases ideais (equa\u00e7\u00e3o de Clapeyron);<\/li>\n<li>M\u00e1quinas t\u00e9rmicas;<\/li>\n<li>Ciclo de Carnot; e<\/li>\n<li>Leis da Termodin\u00e2mica.<\/li>\n<\/ul>\n<h2>Mat\u00e9ria e radia\u00e7\u00e3o<\/h2>\n<ul>\n<li>Modelos at\u00f4micos e as propriedades dos materiais (t\u00e9rmicas, el\u00e9tricas, magn\u00e9ticas, etc.);<\/li>\n<li>Espectro eletromagn\u00e9tico (das ondas de r\u00e1dio aos raios y) e suas tecnologias (radar, r\u00e1dio, forno de micro-ondas, tomografia, etc.);<\/li>\n<li>Radia\u00e7\u00f5es e meios materiais (fotoc\u00e9lulas, emiss\u00e3o e transmiss\u00e3o de luz, telas de monitores, radiografias);<\/li>\n<li>Pot\u00eancias de ondas eletromagn\u00e9ticas;<\/li>\n<li>Natureza corpuscular das ondas eletromagn\u00e9ticas; e<\/li>\n<li>Transforma\u00e7\u00f5es nucleares e radioatividades.<\/li>\n<\/ul>\n<h2>Bibliografia<\/h2>\n<ul>\n<li>BONJORNO, Jos\u00e9 Roberto; BONJORNO, Regina Azenha; BONJORNO, Valter; RAMOS, Clinton M\u00e1rcico. F\u00edsica: Hist\u00f3ria &amp; Cotidiano: Mec\u00e2nica. v. 1. S\u00e3o Paulo: FTD, 2003.<\/li>\n<li>\u00a0________. F\u00edsica: Hist\u00f3ria &amp; Cotidiano: Terminologia, \u00f3ptica, ondulat\u00f3ria, hidrodin\u00e2mica. v. 2. S\u00e3o Paulo: FTD, 2003.<\/li>\n<li>\u00a0________. F\u00edsica: Hist\u00f3ria &amp; Cotidiano: Eletricidade, f\u00edsica moderna. v. 3. S\u00e3o Paulo: FTD, 2003.<\/li>\n<li>GASPAR, Alberto. F\u00edsica 1. Mec\u00e2nica. 2. ed. S\u00e3o Paulo: Editora \u00c1tica, 2009.<\/li>\n<li>\u00a0________. F\u00edsica 2. Ondas, \u00f3ptica e termodin\u00e2mica. 2. ed. S\u00e3o Paulo: Editora \u00c1tica, 2009.<\/li>\n<li>\u00a0________. F\u00edsica 3. Eletromagnetismo e f\u00edsica moderna. 2. ed. S\u00e3o Paulo: Editora \u00c1tica. 2009.<\/li>\n<li>PIETROCOLA, Maur\u00edcio; POGIBIN, Alexandre; ANDRADE, Renata de; ROMERO, Talita Raquel. F\u00edsica em contextos. Vol. 3. 1. ed. S\u00e3o Paulo: FTD, 2010.<\/li>\n<\/ul>\n<p>Quer se tornar um especialista da For\u00e7a A\u00e9rea Brasileira? N\u00e3o perca mais tempo! O Col\u00e9gio e curso CPM est\u00e1 pronto para auxiliar voc\u00ea na sua prepara\u00e7\u00e3o!<\/p>\n","protected":false},"excerpt":{"rendered":"<p>Voc\u00ea ir\u00e1 prestar o concurso da EEAR 2025.1? O Col\u00e9gio e Curso CPM traz para voc\u00ea o conte\u00fado program\u00e1tico da prova. Vamos conferir? &nbsp; L\u00cdNGUA PORTUGUESA -Texto Interpreta\u00e7\u00e3o de textos liter\u00e1rios ou n\u00e3o liter\u00e1rios. -Gram\u00e1tica Fon\u00e9tica:\u00a0s\u00edlaba; separa\u00e7\u00e3o sil\u00e1bica; encontros voc\u00e1licos; encontros consonantais; tonicidade; acentua\u00e7\u00e3o gr\u00e1fica; ortografia. Morfologia: processos de forma\u00e7\u00e3o de palavras; Classes de palavras:\u00a0substantivo (classifica\u00e7\u00e3o e flex\u00e3o); adjetivo (classifica\u00e7\u00e3o, flex\u00e3o e locu\u00e7\u00e3o adjetiva); adv\u00e9rbio (classifica\u00e7\u00e3o e locu\u00e7\u00e3o adverbial); conjun\u00e7\u00f5es (coordenativas e subordinativas); Verbo:\u00a0flex\u00e3o verbal (n\u00famero, pessoa, modo, tempo, voz),<\/p>\n","protected":false},"author":1,"featured_media":2459,"comment_status":"closed","ping_status":"closed","sticky":false,"template":"","format":"standard","meta":{"footnotes":""},"categories":[4,8,97],"tags":[],"class_list":["post-2804","post","type-post","status-publish","format-standard","has-post-thumbnail","hentry","category-eear","category-noticias","category-preparatorio-militar-cpm"],"_links":{"self":[{"href":"https:\/\/colegioecursocpm.com.br\/index.php\/wp-json\/wp\/v2\/posts\/2804","targetHints":{"allow":["GET"]}}],"collection":[{"href":"https:\/\/colegioecursocpm.com.br\/index.php\/wp-json\/wp\/v2\/posts"}],"about":[{"href":"https:\/\/colegioecursocpm.com.br\/index.php\/wp-json\/wp\/v2\/types\/post"}],"author":[{"embeddable":true,"href":"https:\/\/colegioecursocpm.com.br\/index.php\/wp-json\/wp\/v2\/users\/1"}],"replies":[{"embeddable":true,"href":"https:\/\/colegioecursocpm.com.br\/index.php\/wp-json\/wp\/v2\/comments?post=2804"}],"version-history":[{"count":2,"href":"https:\/\/colegioecursocpm.com.br\/index.php\/wp-json\/wp\/v2\/posts\/2804\/revisions"}],"predecessor-version":[{"id":2806,"href":"https:\/\/colegioecursocpm.com.br\/index.php\/wp-json\/wp\/v2\/posts\/2804\/revisions\/2806"}],"wp:featuredmedia":[{"embeddable":true,"href":"https:\/\/colegioecursocpm.com.br\/index.php\/wp-json\/wp\/v2\/media\/2459"}],"wp:attachment":[{"href":"https:\/\/colegioecursocpm.com.br\/index.php\/wp-json\/wp\/v2\/media?parent=2804"}],"wp:term":[{"taxonomy":"category","embeddable":true,"href":"https:\/\/colegioecursocpm.com.br\/index.php\/wp-json\/wp\/v2\/categories?post=2804"},{"taxonomy":"post_tag","embeddable":true,"href":"https:\/\/colegioecursocpm.com.br\/index.php\/wp-json\/wp\/v2\/tags?post=2804"}],"curies":[{"name":"wp","href":"https:\/\/api.w.org\/{rel}","templated":true}]}}