{"id":2813,"date":"2024-05-01T16:15:25","date_gmt":"2024-05-01T19:15:25","guid":{"rendered":"https:\/\/colegioecursocpm.com.br\/site_novo\/?p=2813"},"modified":"2024-08-15T14:13:04","modified_gmt":"2024-08-15T17:13:04","slug":"edital-da-esa-liberado","status":"publish","type":"post","link":"https:\/\/colegioecursocpm.com.br\/index.php\/2024\/05\/01\/edital-da-esa-liberado\/","title":{"rendered":"Edital da ESA liberado"},"content":{"rendered":"<p>O Ex\u00e9rcito Brasileiro divulgou o novo\u00a0Edital ESA\u00a02025 com um total de 1100 vagas. Elas s\u00e3o distribu\u00eddas entre as tr\u00eas \u00e1reas oferecidas pela ESA: Geral\/Avia\u00e7\u00e3o, Sa\u00fade e M\u00fasica. As inscri\u00e7\u00f5es aconteceram no dia 31 de mar\u00e7o e 4 de maio. A taxa de inscri\u00e7\u00e3o \u00e9 de R$ 95,00, a taxa de isen\u00e7\u00e3o deve ser preenchida do dia 31 de mar\u00e7o e 4 de abril.<\/p>\n<p>Fique atento aos pr\u00e9-requisitos descritos no Edital ESA 2025 antes de se inscrever:<\/p>\n<ul>\n<li>ser brasileiro(a) nato(a) ou naturalizado(a);<\/li>\n<li>ter conclu\u00eddo o Ensino M\u00e9dio;<\/li>\n<li><strong>possuir, no m\u00ednimo, 17 e, no m\u00e1ximo, 24 anos<\/strong>\u00a0<strong>de idade<\/strong>\u00a0para a\u00a0<strong>\u00e1rea Geral \/ Avia\u00e7\u00e3o;<\/strong><\/li>\n<li><strong>possuir, no m\u00ednimo, 17 e, no m\u00e1ximo, 26 anos de idade<\/strong>\u00a0para as\u00a0<strong>\u00e1reas M\u00fasica e Sa\u00fade;<\/strong><\/li>\n<li>estar em dia com suas obriga\u00e7\u00f5es perante o Servi\u00e7o Militar e a Justi\u00e7a Eleitoral;<\/li>\n<li>se do sexo masculino,\u00a0<strong>ter, no m\u00ednimo, 1,60 m<\/strong>\u00a0de altura, sendo que esta limita\u00e7\u00e3o n\u00e3o se aplica aos candidatos com at\u00e9 16 anos de idade, desde que possuam a altura m\u00ednima de 1,57 m e exame especializado revele a possibilidade do crescimento; ou se do sexo feminino, ter, no m\u00ednimo, 1,55 m de altura; e<\/li>\n<li>para o(a)s\u00a0<strong>candidato(a)s da \u00e1rea de Sa\u00fade<\/strong>,\u00a0<strong>ter conclu\u00eddo o curso T\u00e9cnico em Enfermagem.<\/strong><\/li>\n<\/ul>\n<p>As 1100 vagas do Concurso ESA 2025 s\u00e3o distribu\u00eddas de acordo com a \u00e1rea. A Geral\/Avia\u00e7\u00e3o faz distin\u00e7\u00e3o entre vagas masculinas e femininas, enquanto M\u00fasica distribui as vagas de acordo com os naipes de instrumentos. Veja a seguir como s\u00e3o definidas as vagas do seletivo!<\/p>\n<p>Na \u00c1rea Geral\/M\u00fasica:<\/p>\n<ul>\n<li>910 vagas para candidatos masculinos: 728 para ampla concorr\u00eancia e 182 para cotas; e<\/li>\n<li>105 vagas para candidatas femininas: 84 para ampla concorr\u00eancia e 21 para cotas.<\/li>\n<\/ul>\n<p>Na \u00c1rea Sa\u00fade:<\/p>\n<ul>\n<li>44 vagas para ampla concorr\u00eancia; e<\/li>\n<li>11 vagas para cotas.<\/li>\n<\/ul>\n<p>O Exame Intelectual do Concurso ESA 2025 est\u00e1 previsto para acontecer no dia 15 de setembro de 2024 \u00e9 constitu\u00edda de 5 partes para \u00c1rea Geral e, 6 partes para \u00c1rea M\u00fasico e a \u00c1rea Sa\u00fade, valendo cada uma de 0 a 10. Segundo o Edital ESA 2025, prova \u00e9 dividida assim:<\/p>\n<ul>\n<li>Matem\u00e1tica: 14 quest\u00f5es objetivas para \u00c1rea Geral e 10 quest\u00f5es objetivas para \u00c1reas M\u00fasico e Sa\u00fade;<\/li>\n<li>Portugu\u00eas: 14 quest\u00f5es objetivas para \u00c1rea Geral e 10 quest\u00f5es objetivas para \u00c1reas M\u00fasico e Sa\u00fade;<\/li>\n<li>Hist\u00f3ria e Geografia: 12 quest\u00f5es objetivas, sendo 6 quest\u00f5es de cada disciplina para \u00c1rea Geral e 8 quest\u00f5es objetivas, sendo 4 quest\u00f5es de cada disciplina para \u00c1rea M\u00fasico e Sa\u00fade;<\/li>\n<li>Ingl\u00eas: 10 quest\u00f5es objetivas para todas as \u00c1reas;<\/li>\n<li>Conhecimentos Espec\u00edficos: 12 quest\u00f5es da \u00e1rea t\u00e9cnica de Enfermagem para \u00c1rea Sa\u00fade e 12 quest\u00f5es de Teoria Musical para \u00c1rea M\u00fasico.<\/li>\n<\/ul>\n","protected":false},"excerpt":{"rendered":"<p>O Ex\u00e9rcito Brasileiro divulgou o novo\u00a0Edital ESA\u00a02025 com um total de 1100 vagas. Elas s\u00e3o distribu\u00eddas entre as tr\u00eas \u00e1reas oferecidas pela ESA: Geral\/Avia\u00e7\u00e3o, Sa\u00fade e M\u00fasica. As inscri\u00e7\u00f5es aconteceram no dia 31 de mar\u00e7o e 4 de maio. A taxa de inscri\u00e7\u00e3o \u00e9 de R$ 95,00, a taxa de isen\u00e7\u00e3o deve ser preenchida do dia 31 de mar\u00e7o e 4 de abril. Fique atento aos pr\u00e9-requisitos descritos no Edital ESA 2025 antes de se inscrever: ser brasileiro(a) nato(a) ou<\/p>\n","protected":false},"author":1,"featured_media":2506,"comment_status":"closed","ping_status":"closed","sticky":false,"template":"","format":"standard","meta":{"footnotes":""},"categories":[6,8,97],"tags":[],"class_list":["post-2813","post","type-post","status-publish","format-standard","has-post-thumbnail","hentry","category-esa","category-noticias","category-preparatorio-militar-cpm"],"_links":{"self":[{"href":"https:\/\/colegioecursocpm.com.br\/index.php\/wp-json\/wp\/v2\/posts\/2813","targetHints":{"allow":["GET"]}}],"collection":[{"href":"https:\/\/colegioecursocpm.com.br\/index.php\/wp-json\/wp\/v2\/posts"}],"about":[{"href":"https:\/\/colegioecursocpm.com.br\/index.php\/wp-json\/wp\/v2\/types\/post"}],"author":[{"embeddable":true,"href":"https:\/\/colegioecursocpm.com.br\/index.php\/wp-json\/wp\/v2\/users\/1"}],"replies":[{"embeddable":true,"href":"https:\/\/colegioecursocpm.com.br\/index.php\/wp-json\/wp\/v2\/comments?post=2813"}],"version-history":[{"count":1,"href":"https:\/\/colegioecursocpm.com.br\/index.php\/wp-json\/wp\/v2\/posts\/2813\/revisions"}],"predecessor-version":[{"id":2814,"href":"https:\/\/colegioecursocpm.com.br\/index.php\/wp-json\/wp\/v2\/posts\/2813\/revisions\/2814"}],"wp:featuredmedia":[{"embeddable":true,"href":"https:\/\/colegioecursocpm.com.br\/index.php\/wp-json\/wp\/v2\/media\/2506"}],"wp:attachment":[{"href":"https:\/\/colegioecursocpm.com.br\/index.php\/wp-json\/wp\/v2\/media?parent=2813"}],"wp:term":[{"taxonomy":"category","embeddable":true,"href":"https:\/\/colegioecursocpm.com.br\/index.php\/wp-json\/wp\/v2\/categories?post=2813"},{"taxonomy":"post_tag","embeddable":true,"href":"https:\/\/colegioecursocpm.com.br\/index.php\/wp-json\/wp\/v2\/tags?post=2813"}],"curies":[{"name":"wp","href":"https:\/\/api.w.org\/{rel}","templated":true}]}}